{"id":261,"date":"2024-10-03T00:43:47","date_gmt":"2024-10-02T22:43:47","guid":{"rendered":"http:\/\/armin-kronau.de\/?p=261"},"modified":"2026-04-18T09:56:33","modified_gmt":"2026-04-18T07:56:33","slug":"chorgemeinschaft-armin-kronau","status":"publish","type":"post","link":"https:\/\/armin-kronau.de\/?p=261","title":{"rendered":"Willkommen auf der Homepage der Chorgemeinschaft Armin Kronau"},"content":{"rendered":"\n<p class=\"wp-block-paragraph\">Wir sind ein gemischter Chor in Kronau. Wir singen moderne, aber auch deutsche und englische Lieder. Wir suchen nach Mits\u00e4ngerinnen und Mits\u00e4ngern, Junge und \u00c4ltere, die Spa\u00df am Singen haben. <br><br>Nimm einfach Kontakt mit uns auf unter:<br>\ud83d\udce7 <a>info@armin-kronau.de<\/a><\/p>\n\n\n\n<p class=\"wp-block-paragraph\">Oder \u2013 noch besser \u2013 komm direkt vorbei:<\/p>\n\n\n\n<p class=\"wp-block-paragraph\">Die M\u00e4nner treffen sich mittwochs um 19:30 Uhr im kleinen Saal der Mehrzweckhalle Kronau.<br>Ab 20:15 Uhr kommen die Frauen dazu.<br><br><br><\/p>\n\n\n\n<p class=\"wp-block-paragraph\"><strong>Erfolgreiches Projektkonzert \u201ePop mit Poesie\u201c  im Oktober 2025 &#8211; You\u00b4re my Flashlight<\/strong><\/p>\n\n\n\n<p class=\"wp-block-paragraph\">Unser Projektchor, erst vor einem halben Jahr ins Leben gerufen, begeisterte die Zuh\u00f6rerschaft in der sehr gut besuchten Pfarrkirche am 11.Oktober 2025. Die Besucher waren begeistert von den Liedern und den poetischen Kommentaren. Die S\u00e4nger und ihre Chorleiterin, Claudia Schumm, bedankten sich mit zwei Zugaben bei den Besuchern f\u00fcr ihre &#8222;Standing Ovations&#8220;.  Der Funke der Emotionen war \u00fcbergesprungen! Ein grandioser Erfolg.<\/p>\n\n\n\n<figure class=\"wp-block-image size-full is-resized\"><a href=\"http:\/\/armin-kronau.de\/wp-content\/uploads\/2024\/10\/Projektkonzert-Bilder-teil.jpg\"><img loading=\"lazy\" decoding=\"async\" width=\"654\" height=\"733\" src=\"http:\/\/armin-kronau.de\/wp-content\/uploads\/2024\/10\/Projektkonzert-Bilder-teil.jpg\" alt=\"Projektkonzert 2025 Chorgemeinschaft Armin \" class=\"wp-image-535\" style=\"width:654px;height:auto\" srcset=\"https:\/\/armin-kronau.de\/wp-content\/uploads\/2024\/10\/Projektkonzert-Bilder-teil.jpg 654w, https:\/\/armin-kronau.de\/wp-content\/uploads\/2024\/10\/Projektkonzert-Bilder-teil-268x300.jpg 268w\" sizes=\"auto, (max-width: 654px) 100vw, 654px\" \/><\/a><figcaption class=\"wp-element-caption\">Projektkonzert 2025 Chorgemeinschaft Armin <\/figcaption><\/figure>\n\n\n\n<pre class=\"wp-block-preformatted\"><strong>Unser Motto:  <\/strong><br><strong>Singen macht Spa\u00df! Singen tut gut - mach mit! Wir freuen uns auf dich!<\/strong><\/pre>\n\n\n\n<p class=\"wp-block-paragraph\"><a href=\"https:\/\/armin-kronau.de\/?page_id=529\">Zum Artikel von Martin Vocke<\/a><\/p>\n\n\n\n<p class=\"wp-block-paragraph\"><\/p>\n","protected":false},"excerpt":{"rendered":"<p>Wir sind ein gemischter Chor in Kronau. Wir singen moderne, aber auch deutsche und englische Lieder. Wir suchen nach Mits\u00e4ngerinnen und Mits\u00e4ngern, Junge und \u00c4ltere, die Spa\u00df am Singen haben. Nimm einfach Kontakt mit uns auf unter:\ud83d\udce7 info@armin-kronau.de Oder \u2013 &hellip; <a href=\"https:\/\/armin-kronau.de\/?p=261\">Weiterlesen <span class=\"meta-nav\">&rarr;<\/span><\/a><\/p>\n","protected":false},"author":4,"featured_media":0,"comment_status":"closed","ping_status":"open","sticky":false,"template":"","format":"standard","meta":{"footnotes":""},"categories":[1],"tags":[],"class_list":["post-261","post","type-post","status-publish","format-standard","hentry","category-allgemein"],"_links":{"self":[{"href":"https:\/\/armin-kronau.de\/index.php?rest_route=\/wp\/v2\/posts\/261","targetHints":{"allow":["GET"]}}],"collection":[{"href":"https:\/\/armin-kronau.de\/index.php?rest_route=\/wp\/v2\/posts"}],"about":[{"href":"https:\/\/armin-kronau.de\/index.php?rest_route=\/wp\/v2\/types\/post"}],"author":[{"embeddable":true,"href":"https:\/\/armin-kronau.de\/index.php?rest_route=\/wp\/v2\/users\/4"}],"replies":[{"embeddable":true,"href":"https:\/\/armin-kronau.de\/index.php?rest_route=%2Fwp%2Fv2%2Fcomments&post=261"}],"version-history":[{"count":30,"href":"https:\/\/armin-kronau.de\/index.php?rest_route=\/wp\/v2\/posts\/261\/revisions"}],"predecessor-version":[{"id":606,"href":"https:\/\/armin-kronau.de\/index.php?rest_route=\/wp\/v2\/posts\/261\/revisions\/606"}],"wp:attachment":[{"href":"https:\/\/armin-kronau.de\/index.php?rest_route=%2Fwp%2Fv2%2Fmedia&parent=261"}],"wp:term":[{"taxonomy":"category","embeddable":true,"href":"https:\/\/armin-kronau.de\/index.php?rest_route=%2Fwp%2Fv2%2Fcategories&post=261"},{"taxonomy":"post_tag","embeddable":true,"href":"https:\/\/armin-kronau.de\/index.php?rest_route=%2Fwp%2Fv2%2Ftags&post=261"}],"curies":[{"name":"wp","href":"https:\/\/api.w.org\/{rel}","templated":true}]}}